{"id":1041,"date":"2025-10-02T07:13:04","date_gmt":"2025-10-02T10:13:04","guid":{"rendered":"https:\/\/blog.felipematos.net\/pt_br\/r-390-milhoes-em-ia-publica-enquanto-apple-atrasa-vision-pro-e-meta-monitora-conversas-por-que-este-momento-define-a-soberania-digital-brasileira\/"},"modified":"2025-10-02T07:13:04","modified_gmt":"2025-10-02T10:13:04","slug":"r-390-millones-en-ia-publica-mientras-apple-retrasa-vision-pro-y-meta-monitors-habla-por-que-este-momento-define-la-soberania-digital-brasilena","status":"publish","type":"post","link":"https:\/\/blog.felipematos.net\/es\/r-390-milhoes-em-ia-publica-enquanto-apple-atrasa-vision-pro-e-meta-monitora-conversas-por-que-este-momento-define-a-soberania-digital-brasileira\/","title":{"rendered":"R$ 390 millones en IA p\u00fablica mientras Apple retrasa Vision Pro y Meta monitoriza conversaciones - Por qu\u00e9 este momento define la soberan\u00eda digital de Brasil"},"content":{"rendered":"<p>R$ 390 millones de euros. Es la cantidad que el Gobierno brasile\u00f1o ha decidido invertir en los pr\u00f3ximos cuatro a\u00f1os para revolucionar los servicios p\u00fablicos con inteligencia artificial. Mientras, al otro lado del mundo, Apple pospone su asequible Vision Pro para centrarse en las gafas con IA, y Meta anuncia que utilizar\u00e1 nuestras conversaciones con ChatBot para personalizar anuncios. \u00bfCoincidencia? No lo creo.<\/p>\n<p>Estamos asistiendo a un momento hist\u00f3rico de definici\u00f3n del poder en la era de la IA. Y por primera vez en d\u00e9cadas, Brasil no solo reacciona, sino que se anticipa.<\/p>\n<h2>El proyecto INSPIRE y la apuesta por la soberan\u00eda digital<\/h2>\n<p>El proyecto INSPIRE (Inteligencia Artificial en el Servicio P\u00fablico con Innovaci\u00f3n, Responsabilidad y \u00c9tica), <a href=\"http:\/\/www.finep.gov.br\/noticias\/todas-noticias\/7028-com-recursos-da-finep-ministerio-da-gestao-e-cpqd-anunciam-projeto-de-ia-com-foco-em-governo-digital-personalizado\">anunciado por Finep<\/a>, No se trata de una inversi\u00f3n m\u00e1s en tecnolog\u00eda. Es una declaraci\u00f3n de independencia digital.<\/p>\n<p>En mi experiencia trabajando con pol\u00edticas p\u00fablicas para start-ups, pocas veces he visto una iniciativa tan estrat\u00e9gica como \u00e9sta. El proyecto integrar\u00e1 bases fundamentales como Cad\u00danico, sanidad y educaci\u00f3n, creando lo que podr\u00eda ser la primera infraestructura de servicios p\u00fablicos genuinamente inteligente del mundo.<\/p>\n<p><strong>\u00bfPor qu\u00e9 es revolucionario?<\/strong> Porque, por primera vez, estamos hablando de una IA dise\u00f1ada desde el principio para los ciudadanos brasile\u00f1os, con nuestras especificidades, nuestros datos, nuestras necesidades. No es una soluci\u00f3n importada y adaptada: es nuestra.<\/p>\n<p>EL <a href=\"https:\/\/g1.globo.com\/sp\/campinas-regiao\/noticia\/2025\/09\/30\/inteligencia-artificial-no-servico-publico-governo-federal-lanca-projeto-de-r-390-milhoes.ghtml\">CPQD ser\u00e1 responsable de la aplicaci\u00f3n<\/a>, Esto incluye la estructuraci\u00f3n de la infraestructura en Campinas con GPU y la formaci\u00f3n de unos 200 profesionales. Esto significa que no solo estamos creando la tecnolog\u00eda, sino tambi\u00e9n el ecosistema humano que la sustenta.<\/p>\n<h2>La paradoja mundial: cuando los gigantes vacilan, surgen los pa\u00edses<\/h2>\n<p>Aunque Brasil invierte mucho en IA p\u00fablica, la <a href=\"https:\/\/www.tudocelular.com\/mercado\/noticias\/n240884\/apple-adia-visionpro-barato-novo-oculos-ia-meta.html\">Apple pospone su asequible Vision Pro<\/a> para centrarse en unas gafas con IA que competir\u00e1n con Meta. Este cambio de estrategia revela algo fundamental: incluso los gigantes tecnol\u00f3gicos est\u00e1n recalibrando sus apuestas.<\/p>\n<p>\u00bfPor qu\u00e9 iba Apple a cambiar una estrategia ya anunciada? La respuesta est\u00e1 en la velocidad a la que evoluciona la IA. El mercado de la realidad aumentada, que parec\u00eda prometedor hace dos a\u00f1os, est\u00e1 siendo eclipsado por la carrera de los asistentes inteligentes conversacionales.<\/p>\n<p>Y esta es la idea: <strong>cuando los gigantes vacilan, surgen los pa\u00edses \u00e1giles<\/strong>. Brasil no est\u00e1 esperando a ver qui\u00e9n gana la carrera de las gafas inteligentes. Est\u00e1 creando su propia pista.<\/p>\n<h2>Meta, privacidad y el nuevo contrato social digital<\/h2>\n<p>EL <a href=\"https:\/\/www.cartacapital.com.br\/mundo\/meta-utilizara-conversas-com-sua-ia-para-personalizar-anuncios-e-conteudos\/\">La decisi\u00f3n de Meta de utilizar conversaciones con IA para personalizar los anuncios<\/a> marca un punto de inflexi\u00f3n. A partir del 7 de octubre se notificar\u00e1 a los usuarios, y el 16 de diciembre entrar\u00e1 en vigor el cambio.<\/p>\n<p>No se trata s\u00f3lo de privacidad, sino del futuro de la relaci\u00f3n entre humanos y m\u00e1quinas. Cuando hablamos con un ChatBot, estamos intimando de una forma que nunca hab\u00edamos experimentado con la tecnolog\u00eda. Esa intimidad se convierte ahora en datos comerciales.<\/p>\n<p>En mi trabajo con empresas, veo constantemente la tensi\u00f3n entre personalizaci\u00f3n y privacidad. Meta est\u00e1 haciendo una apuesta: que la comodidad de unos anuncios m\u00e1s relevantes pesar\u00e1 m\u00e1s que la sensaci\u00f3n de invasi\u00f3n. El tiempo dir\u00e1 si han acertado.<\/p>\n<p>Para el proyecto brasile\u00f1o, esto refuerza la importancia de un planteamiento \u00e9tico desde el principio. En <a href=\"https:\/\/www1.folha.uol.com.br\/mercado\/2025\/09\/governo-lanca-programa-de-r-390-milhoes-em-plataformas-de-ia-para-modernizar-servicos-publicos.shtml\">secretario del gobierno digital en Folha<\/a>, la seguridad y la gobernanza \u00e9tica son fundamentales.<\/p>\n<h2>Los riesgos que no podemos ignorar<\/h2>\n<p>Pero no todo son flores. O <a href=\"https:\/\/oglobo.globo.com\/economia\/tecnologia\/noticia\/2025\/10\/02\/aumentam-anuncios-politicos-fraudulentos-com-ia-na-meta-denuncia-grupo-de-monitoramento.ghtml\">Informe del Proyecto de Transparencia Tecnol\u00f3gica<\/a> muestra que 63 anunciantes fraudulentos gastaron US$ 49 millones en falsos anuncios pol\u00edticos utilizando IA, especialmente dirigidos a las personas mayores.<\/p>\n<p>Simult\u00e1neamente, el <a href=\"https:\/\/www.tecmundo.com.br\/seguranca\/407456-brasil-e-atacado-por-malware-escondido-em-apps-de-ia.htm\">Brasil est\u00e1 siendo atacado por malware<\/a> ocultos en aplicaciones de IA aparentemente leg\u00edtimas. La campa\u00f1a EvilAI muestra c\u00f3mo los ciberdelincuentes utilizan nuestra confianza en la tecnolog\u00eda en nuestra contra.<\/p>\n<p><strong>\u00bfCu\u00e1l es la lecci\u00f3n?<\/strong> No basta con invertir en inteligencia artificial: hay que invertir simult\u00e1neamente en seguridad, educaci\u00f3n y concienciaci\u00f3n digital.<\/p>\n<p>Como escrib\u00ed recientemente <a href=\"https:\/\/www.estadao.com.br\/link\/felipe-matos\/mentiram-para-voce-a-ia-nao-vai-te-dar-mais-tempo\/\">en Estad\u00e3o<\/a>, La promesa de que la IA nos dar\u00e1 m\u00e1s tiempo libre es, cuando menos, cuestionable. Hist\u00f3ricamente, las tecnolog\u00edas disruptivas crean nuevas exigencias y complejidades.<\/p>\n<h2>El futuro del trabajo: los millennials en primera l\u00ednea<\/h2>\n<p>Investigaci\u00f3n del Foro Econ\u00f3mico Mundial, <a href=\"https:\/\/crusoe.com.br\/variedades\/especialistas-revelam-o-grupo-etario-mais-propenso-a-ser-substituido-por-ia-no-trabalho-nao-e-quem-voce-pensa\/\">seg\u00fan Cruso\u00e9<\/a>, El nuevo informe, que se basa en un estudio realizado por la Asociaci\u00f3n Internacional de Lugares de Trabajo, se\u00f1ala que el 41% de las organizaciones mundiales prev\u00e9n reducir sus equipos de aqu\u00ed a 2030 debido a la automatizaci\u00f3n. Sorprendentemente, los millennials -y no las personas mayores- son los m\u00e1s vulnerables.<\/p>\n<p>\u00bfPor qu\u00e9? Porque ocupan puestos intermedios en \u00e1reas que pueden automatizarse f\u00e1cilmente: marketing digital, an\u00e1lisis financiero, administraci\u00f3n. Son funciones que requieren procesar datos y seguir est\u00e1ndares, exactamente lo que la IA hace mejor.<\/p>\n<p>Pero esta es la idea que comparto en mis sesiones de tutor\u00eda: <strong>La IA no sustituye a las personas, sino a las tareas<\/strong>. Los que sepan replantearse su trabajo en torno a la IA, en lugar de competir con ella, saldr\u00e1n ganando.<\/p>\n<h2>La educaci\u00f3n y el papel de las instituciones<\/h2>\n<p>El rector de la USP, <a href=\"https:\/\/www.cnnbrasil.com.br\/educacao\/a-ia-veio-para-ficar-e-precisamos-estabelecer-parametros-diz-reitor-da-usp\/\">Carlos Gilberto Carlotti Junior<\/a>, Lo resumi\u00f3 a la perfecci\u00f3n: \u201cLa IA es poderosa, pero necesita par\u00e1metros\u201d. Durante el evento Educaci\u00f3n en Transformaci\u00f3n, hizo hincapi\u00e9 en la necesidad de equilibrar el uso tecnol\u00f3gico con una formaci\u00f3n adecuada.<\/p>\n<p>En mi carrera de apoyo al desarrollo del talento en tecnolog\u00eda, veo que las instituciones tradicionales se encuentran en un momento crucial. Pueden liderar la transformaci\u00f3n o ser arrolladas por ella.<\/p>\n<p>EL <a href=\"https:\/\/www.meioemensagem.com.br\/marketing\/google-quer-treinar-pmes-para-o-uso-de-ia\">Campa\u00f1a Google<\/a> para formar a las PYME en el uso de la IA es un ejemplo interesante. Con motivo del D\u00eda de la Micro y Peque\u00f1a Empresa, muestran c\u00f3mo los empresarios brasile\u00f1os ya utilizan Gemini para optimizar procesos.<\/p>\n<p>Me recuerda a los primeros d\u00edas de Startup Farm, cuando ve\u00edamos a peque\u00f1as empresas adoptar tecnolog\u00edas a las que las grandes corporaciones a\u00fan se resist\u00edan. Las pymes, al ser m\u00e1s \u00e1giles, suelen liderar la adopci\u00f3n pr\u00e1ctica de innovaciones.<\/p>\n<h2>La transformaci\u00f3n del marketing y la creaci\u00f3n de contenidos<\/h2>\n<p>EL <a href=\"https:\/\/epocanegocios.globo.com\/inteligencia-artificial\/coluna\/2025\/09\/como-a-ia-esta-transformando-o-marketing-de-influencia.ghtml\">An\u00e1lisis de \u00c9poca Neg\u00f3cios<\/a> sobre la IA en el marketing de influencers revela una profunda transformaci\u00f3n: 63% de los influencers con m\u00e1s de un mill\u00f3n de seguidores ya utilizan la IA, y se espera que 90% de los creadores brasile\u00f1os adopten la herramienta en breve.<\/p>\n<p>El mercado mundial de la publicidad mueve 1 bill\u00f3n de d\u00f3lares, y se espera que la econom\u00eda de los creadores alcance los 480.000 millones de d\u00f3lares en 2027. Pero, como advierten los expertos, existen riesgos de contenidos gen\u00e9ricos y p\u00e9rdida de autenticidad.<\/p>\n<p><strong>La paradoja es fascinante<\/strong>La IA democratiza la creaci\u00f3n de contenidos complejos, pero puede homogeneizar el resultado. Los que sepan mantener su voz \u00fanica utilizando la IA como herramienta -no como sustituto- tendr\u00e1n una ventaja competitiva.<\/p>\n<h2>Por qu\u00e9 este momento es \u00fanico en la historia de Brasil<\/h2>\n<p>Vivimos un momento excepcional en el que Brasil no importa una revoluci\u00f3n tecnol\u00f3gica, sino que la codesarrolla. El proyecto INSPIRE, que forma parte del <a href=\"https:\/\/agenciabrasil.ebc.com.br\/geral\/noticia\/2025-09\/governo-federal-investira-r-390-milhoes-para-otimizar-uso-de-ia\">Plan brasile\u00f1o de inteligencia artificial<\/a> que prev\u00e9 23.000 millones de R$ para 2028, representa una apuesta por la soberan\u00eda digital.<\/p>\n<p>En mi experiencia con ecosistemas de innovaci\u00f3n, pocas veces he visto una alineaci\u00f3n tan clara entre la inversi\u00f3n p\u00fablica, la formaci\u00f3n del talento y las necesidades reales de la poblaci\u00f3n. INSPIRE no es solo tecnolog\u00eda: se trata de redefinir la relaci\u00f3n entre el Estado y el ciudadano.<\/p>\n<p>Cuando pienso en los trabajadores sanitarios que utilizan notificaciones personalizadas a trav\u00e9s de la IA para hacer un seguimiento de los ni\u00f1os, como se menciona en el proyecto, veo el verdadero potencial transformador. No es ciencia ficci\u00f3n: es la aplicaci\u00f3n pr\u00e1ctica de tecnolog\u00eda avanzada a problemas brasile\u00f1os.<\/p>\n<h2>Los retos de la aplicaci\u00f3n<\/h2>\n<p>Pero implantar la IA a escala gubernamental no es trivial. Requiere gobernanza, \u00e9tica, capacitaci\u00f3n y, fundamentalmente, un cambio cultural. En mi trabajo con organizaciones, veo que la tecnolog\u00eda es la parte f\u00e1cil, lo dif\u00edcil es cambiar procesos y mentalidades.<\/p>\n<p>El hecho de que el proyecto haga hincapi\u00e9 desde el principio en la \u00e9tica, la soberan\u00eda digital y el cumplimiento de la LGPD es alentador. Demuestra que se aprende de los errores de otras implantaciones en todo el mundo.<\/p>\n<p>La centralizaci\u00f3n en el CPQD de Campinas crea un polo de competencias que puede irradiar conocimientos por todo el pa\u00eds. Es una estrategia inteligente para desarrollar un ecosistema, no s\u00f3lo una tecnolog\u00eda aislada.<\/p>\n<h2>El futuro que estamos construyendo<\/h2>\n<p>En <a href=\"https:\/\/www.techtudo.com.br\/noticias\/2025\/10\/interacoes-com-ia-vao-mudar-suas-recomendacoes-no-instagram-entenda-edapps.ghtml\">cambios en Instagram<\/a> La Cumbre sobre IA de este a\u00f1o, que comienza en octubre, muestra c\u00f3mo nuestra relaci\u00f3n con la IA es cada vez m\u00e1s \u00edntima. Se est\u00e1 redefiniendo la forma en que consumimos contenidos, trabajamos e incluso accedemos a los servicios p\u00fablicos.<\/p>\n<p>La cuesti\u00f3n ya no es si la IA transformar\u00e1 nuestra sociedad, sino c\u00f3mo vamos a liderarla. Brasil tiene una oportunidad \u00fanica de predicar con el ejemplo, creando un modelo de IA p\u00fablica eficiente, \u00e9tico y verdaderamente al servicio del ciudadano.<\/p>\n<p>Como dijo el rector de la USP, la IA est\u00e1 aqu\u00ed para quedarse. La cuesti\u00f3n es establecer los par\u00e1metros adecuados. Y, por primera vez, tenemos la oportunidad de definir estos par\u00e1metros desde el principio, no de reaccionar a decisiones tomadas en otros pa\u00edses con otras realidades.<\/p>\n<h2>Reflexiones finales: Liderazgo en la era de la IA<\/h2>\n<p>Viendo el panorama de las \u00faltimas 24 horas -desde la multimillonaria inversi\u00f3n brasile\u00f1a a los cambios en Big Tech, desde los riesgos de seguridad a las oportunidades de transformaci\u00f3n-, est\u00e1 claro que nos encontramos en un punto de inflexi\u00f3n.<\/p>\n<p>Apple recalibra su estrategia, Meta redefine la privacidad, los estafadores utilizan la IA para el fraude, los millennials se enfrentan a la automatizaci\u00f3n, las universidades se replantean la educaci\u00f3n... todos son s\u00edntomas de la misma revoluci\u00f3n.<\/p>\n<p>Lo que me hace ser optimista es ver que Brasil no s\u00f3lo reacciona, sino que construye proactivamente su propia visi\u00f3n del futuro. El proyecto INSPIRE podr\u00eda ser el primer paso de una transformaci\u00f3n que sit\u00fae a nuestro pa\u00eds a la vanguardia de la IA \u00e9tica y eficiente.<\/p>\n<p>En mis cursos de mentor\u00eda para ejecutivos y de inmersi\u00f3n en IA, siempre hago hincapi\u00e9 en: <strong>no se trata de adoptar tecnolog\u00eda, sino de reimaginar posibilidades<\/strong>. El Gobierno brasile\u00f1o parece haberlo entendido. Ahora nos toca a todos nosotros - empresarios, ejecutivos, profesionales - seguir este movimiento y aprovechar las oportunidades que surjan.<\/p>\n<p>Porque si algo he aprendido en m\u00e1s de dos d\u00e9cadas en el ecosistema de la innovaci\u00f3n es lo siguiente: los momentos de mayor transformaci\u00f3n son tambi\u00e9n los de mayor oportunidad. Y este es sin duda uno de esos momentos.<\/p>","protected":false},"excerpt":{"rendered":"<p>R$ 390 milh\u00f5es. Este \u00e9 o valor que o governo brasileiro decidiu investir nos pr\u00f3ximos quatro anos para revolucionar os servi\u00e7os p\u00fablicos com intelig\u00eancia artificial. Enquanto isso, do outro lado do mundo, a Apple adia seu Vision Pro acess\u00edvel para focar em \u00f3culos com IA, e a Meta anuncia que usar\u00e1 nossas conversas com ChatBot [&hellip;]<\/p>\n","protected":false},"author":2,"featured_media":1040,"comment_status":"open","ping_status":"open","sticky":false,"template":"","format":"standard","meta":{"footnotes":""},"categories":[9],"tags":[24,19],"class_list":["post-1041","post","type-post","status-publish","format-standard","has-post-thumbnail","hentry","category-inteligencia-artificial","tag-criado-por-ia","tag-ia"],"aioseo_notices":[],"_links":{"self":[{"href":"https:\/\/blog.felipematos.net\/es\/wp-json\/wp\/v2\/posts\/1041","targetHints":{"allow":["GET"]}}],"collection":[{"href":"https:\/\/blog.felipematos.net\/es\/wp-json\/wp\/v2\/posts"}],"about":[{"href":"https:\/\/blog.felipematos.net\/es\/wp-json\/wp\/v2\/types\/post"}],"author":[{"embeddable":true,"href":"https:\/\/blog.felipematos.net\/es\/wp-json\/wp\/v2\/users\/2"}],"replies":[{"embeddable":true,"href":"https:\/\/blog.felipematos.net\/es\/wp-json\/wp\/v2\/comments?post=1041"}],"version-history":[{"count":0,"href":"https:\/\/blog.felipematos.net\/es\/wp-json\/wp\/v2\/posts\/1041\/revisions"}],"wp:featuredmedia":[{"embeddable":true,"href":"https:\/\/blog.felipematos.net\/es\/wp-json\/wp\/v2\/media\/1040"}],"wp:attachment":[{"href":"https:\/\/blog.felipematos.net\/es\/wp-json\/wp\/v2\/media?parent=1041"}],"wp:term":[{"taxonomy":"category","embeddable":true,"href":"https:\/\/blog.felipematos.net\/es\/wp-json\/wp\/v2\/categories?post=1041"},{"taxonomy":"post_tag","embeddable":true,"href":"https:\/\/blog.felipematos.net\/es\/wp-json\/wp\/v2\/tags?post=1041"}],"curies":[{"name":"wp","href":"https:\/\/api.w.org\/{rel}","templated":true}]}}